{"id":6534,"date":"2022-10-24T11:11:52","date_gmt":"2022-10-24T11:11:52","guid":{"rendered":"https:\/\/www.latoupiebleue.com\/la-toupie-bleue-lance-ses-journees-sportives-dans-var-et-les-alpes-maritimes\/"},"modified":"2024-03-25T15:04:04","modified_gmt":"2024-03-25T15:04:04","slug":"la-toupie-bleue-lanza-sus-jornadas-deportivas-en-var-y-los-alpes-maritimos","status":"publish","type":"post","link":"https:\/\/www.latoupiebleue.com\/es\/la-toupie-bleue-lanza-sus-jornadas-deportivas-en-var-y-los-alpes-maritimos\/","title":{"rendered":"La Toupie Bleue lanza sus jornadas deportivas en VAR y los ALPES MARITIMES"},"content":{"rendered":"<p>El 20 de octubre, La Toupie Bleue tuvo su primera jornada deportiva. El concepto de estos d\u00edas es descubrir, como parte de una caminata, nuevos puntos tur\u00edsticos, llenos de encanto y singularidad, inmersos en la naturaleza. Una merienda para el deportista y una segunda actividad tambi\u00e9n se integran sistem\u00e1ticamente en estas jornadas. Para este d\u00eda soleado, 18 personas partieron en el Est\u00e9rel (no lejos de St Rapha\u00ebl). El objetivo era descubrir Cap Roux con una vista impresionante desde la mesa de orientaci\u00f3n sobre la bah\u00eda de Agay y Cannes. Al final del bucle, recuperamos abundantemente nuestras fuerzas con la merienda. Kim (fisioterapeuta en Roquebrune \/ Argens) supervis\u00f3 con R\u00e9mi una sesi\u00f3n de estiramientos y ejercicios de buena pr\u00e1ctica para prevenir el dolor de espalda, en particular gracias a las posturas y \u00abrutinas deportivas\u00bb para fortalecer el cintur\u00f3n abdominal&#8230; No te diremos m\u00e1s. .. Pauline &#8211; instagramer te cuenta aqu\u00ed su d\u00eda como lo vivi\u00f3:<\/p>\n","protected":false},"excerpt":{"rendered":"<p>El 20 de octubre, La Toupie Bleue tuvo su primera jornada deportiva. El concepto de estos d\u00edas es descubrir, como parte de una caminata, nuevos puntos tur\u00edsticos, llenos de encanto y singularidad, inmersos en la naturaleza. Una merienda para el deportista y una segunda actividad tambi\u00e9n se integran sistem\u00e1ticamente en estas jornadas. Para este d\u00eda &hellip; <a href=\"https:\/\/www.latoupiebleue.com\/es\/la-toupie-bleue-lanza-sus-jornadas-deportivas-en-var-y-los-alpes-maritimos\/\">Continued<\/a><\/p>\n","protected":false},"author":4,"featured_media":0,"comment_status":"closed","ping_status":"closed","sticky":false,"template":"","format":"standard","meta":{"footnotes":""},"categories":[123],"acf":[],"yoast_head":"<!-- This site is optimized with the Yoast SEO plugin v20.5 - https:\/\/yoast.com\/wordpress\/plugins\/seo\/ -->\n<title>La Toupie Bleue lanza sus jornadas deportivas en provenza<\/title>\n<meta name=\"description\" content=\"El 20 de octubre, La Toupie Bleue tuvo su primera jornada deportiva. El concepto de estos d\u00edas es descubrir, como parte de una caminata, nuevos puntos\" \/>\n<meta name=\"robots\" content=\"index, follow, max-snippet:-1, max-image-preview:large, max-video-preview:-1\" \/>\n<link rel=\"canonical\" href=\"https:\/\/www.latoupiebleue.com\/es\/la-toupie-bleue-lanza-sus-jornadas-deportivas-en-var-y-los-alpes-maritimos\/\" \/>\n<meta property=\"og:locale\" content=\"es_ES\" \/>\n<meta property=\"og:type\" content=\"article\" \/>\n<meta property=\"og:title\" content=\"La Toupie Bleue lanza sus jornadas deportivas en provenza\" \/>\n<meta property=\"og:description\" content=\"El 20 de octubre, La Toupie Bleue tuvo su primera jornada deportiva. El concepto de estos d\u00edas es descubrir, como parte de una caminata, nuevos puntos\" \/>\n<meta property=\"og:url\" content=\"https:\/\/www.latoupiebleue.com\/es\/la-toupie-bleue-lanza-sus-jornadas-deportivas-en-var-y-los-alpes-maritimos\/\" \/>\n<meta property=\"og:site_name\" content=\"La Toupie Bleue\" \/>\n<meta property=\"article:publisher\" content=\"https:\/\/www.facebook.com\/latoupiebleue\/\" \/>\n<meta property=\"article:published_time\" content=\"2022-10-24T11:11:52+00:00\" \/>\n<meta property=\"article:modified_time\" content=\"2024-03-25T15:04:04+00:00\" \/>\n<meta name=\"author\" content=\"admin_account\" \/>\n<meta name=\"twitter:card\" content=\"summary_large_image\" \/>\n<meta name=\"twitter:creator\" content=\"@La_Toupie_Bleue\" \/>\n<meta name=\"twitter:site\" content=\"@La_Toupie_Bleue\" \/>\n<script type=\"application\/ld+json\" class=\"yoast-schema-graph\">{\"@context\":\"https:\/\/schema.org\",\"@graph\":[{\"@type\":\"Article\",\"@id\":\"https:\/\/www.latoupiebleue.com\/es\/la-toupie-bleue-lanza-sus-jornadas-deportivas-en-var-y-los-alpes-maritimos\/#article\",\"isPartOf\":{\"@id\":\"https:\/\/www.latoupiebleue.com\/es\/la-toupie-bleue-lanza-sus-jornadas-deportivas-en-var-y-los-alpes-maritimos\/\"},\"author\":{\"name\":\"admin_account\",\"@id\":\"https:\/\/www.latoupiebleue.com\/es\/#\/schema\/person\/b3b971c02892d4b8c120799985bbe083\"},\"headline\":\"La Toupie Bleue lanza sus jornadas deportivas en VAR y los ALPES MARITIMES\",\"datePublished\":\"2022-10-24T11:11:52+00:00\",\"dateModified\":\"2024-03-25T15:04:04+00:00\",\"mainEntityOfPage\":{\"@id\":\"https:\/\/www.latoupiebleue.com\/es\/la-toupie-bleue-lanza-sus-jornadas-deportivas-en-var-y-los-alpes-maritimos\/\"},\"wordCount\":178,\"publisher\":{\"@id\":\"https:\/\/www.latoupiebleue.com\/es\/#organization\"},\"articleSection\":[\"Eventos\"],\"inLanguage\":\"es\"},{\"@type\":\"WebPage\",\"@id\":\"https:\/\/www.latoupiebleue.com\/es\/la-toupie-bleue-lanza-sus-jornadas-deportivas-en-var-y-los-alpes-maritimos\/\",\"url\":\"https:\/\/www.latoupiebleue.com\/es\/la-toupie-bleue-lanza-sus-jornadas-deportivas-en-var-y-los-alpes-maritimos\/\",\"name\":\"La Toupie Bleue lanza sus jornadas deportivas en provenza\",\"isPartOf\":{\"@id\":\"https:\/\/www.latoupiebleue.com\/es\/#website\"},\"datePublished\":\"2022-10-24T11:11:52+00:00\",\"dateModified\":\"2024-03-25T15:04:04+00:00\",\"description\":\"El 20 de octubre, La Toupie Bleue tuvo su primera jornada deportiva. El concepto de estos d\u00edas es descubrir, como parte de una caminata, nuevos puntos\",\"breadcrumb\":{\"@id\":\"https:\/\/www.latoupiebleue.com\/es\/la-toupie-bleue-lanza-sus-jornadas-deportivas-en-var-y-los-alpes-maritimos\/#breadcrumb\"},\"inLanguage\":\"es\",\"potentialAction\":[{\"@type\":\"ReadAction\",\"target\":[\"https:\/\/www.latoupiebleue.com\/es\/la-toupie-bleue-lanza-sus-jornadas-deportivas-en-var-y-los-alpes-maritimos\/\"]}]},{\"@type\":\"BreadcrumbList\",\"@id\":\"https:\/\/www.latoupiebleue.com\/es\/la-toupie-bleue-lanza-sus-jornadas-deportivas-en-var-y-los-alpes-maritimos\/#breadcrumb\",\"itemListElement\":[{\"@type\":\"ListItem\",\"position\":1,\"name\":\"Accueil\",\"item\":\"https:\/\/www.latoupiebleue.com\/es\/\"},{\"@type\":\"ListItem\",\"position\":2,\"name\":\"La Toupie Bleue lanza sus jornadas deportivas en VAR y los ALPES MARITIMES\"}]},{\"@type\":\"WebSite\",\"@id\":\"https:\/\/www.latoupiebleue.com\/es\/#website\",\"url\":\"https:\/\/www.latoupiebleue.com\/es\/\",\"name\":\"La Toupie Bleue\",\"description\":\"La Toupie Bleue\",\"publisher\":{\"@id\":\"https:\/\/www.latoupiebleue.com\/es\/#organization\"},\"potentialAction\":[{\"@type\":\"SearchAction\",\"target\":{\"@type\":\"EntryPoint\",\"urlTemplate\":\"https:\/\/www.latoupiebleue.com\/es\/?s={search_term_string}\"},\"query-input\":\"required name=search_term_string\"}],\"inLanguage\":\"es\"},{\"@type\":\"Organization\",\"@id\":\"https:\/\/www.latoupiebleue.com\/es\/#organization\",\"name\":\"La Toupie Bleue\",\"url\":\"https:\/\/www.latoupiebleue.com\/es\/\",\"logo\":{\"@type\":\"ImageObject\",\"inLanguage\":\"es\",\"@id\":\"https:\/\/www.latoupiebleue.com\/es\/#\/schema\/logo\/image\/\",\"url\":\"https:\/\/www.latoupiebleue.com\/wp-content\/uploads\/2018\/03\/LOGO_6_LA_TOUPIE_BLEUE_BLANC_FOND_BLEU_FONCE.jpg\",\"contentUrl\":\"https:\/\/www.latoupiebleue.com\/wp-content\/uploads\/2018\/03\/LOGO_6_LA_TOUPIE_BLEUE_BLANC_FOND_BLEU_FONCE.jpg\",\"width\":1990,\"height\":1990,\"caption\":\"La Toupie Bleue\"},\"image\":{\"@id\":\"https:\/\/www.latoupiebleue.com\/es\/#\/schema\/logo\/image\/\"},\"sameAs\":[\"https:\/\/www.facebook.com\/latoupiebleue\/\",\"https:\/\/twitter.com\/La_Toupie_Bleue\",\"https:\/\/www.instagram.com\/latoupiebleue\/\"]},{\"@type\":\"Person\",\"@id\":\"https:\/\/www.latoupiebleue.com\/es\/#\/schema\/person\/b3b971c02892d4b8c120799985bbe083\",\"name\":\"admin_account\",\"image\":{\"@type\":\"ImageObject\",\"inLanguage\":\"es\",\"@id\":\"https:\/\/www.latoupiebleue.com\/es\/#\/schema\/person\/image\/\",\"url\":\"https:\/\/secure.gravatar.com\/avatar\/3243abf28f52f46bb999ad92ad75dcf8?s=96&d=mm&r=g\",\"contentUrl\":\"https:\/\/secure.gravatar.com\/avatar\/3243abf28f52f46bb999ad92ad75dcf8?s=96&d=mm&r=g\",\"caption\":\"admin_account\"},\"url\":\"https:\/\/www.latoupiebleue.com\/es\/author\/admin_account\/\"}]}<\/script>\n<!-- \/ Yoast SEO plugin. -->","yoast_head_json":{"title":"La Toupie Bleue lanza sus jornadas deportivas en provenza","description":"El 20 de octubre, La Toupie Bleue tuvo su primera jornada deportiva. El concepto de estos d\u00edas es descubrir, como parte de una caminata, nuevos puntos","robots":{"index":"index","follow":"follow","max-snippet":"max-snippet:-1","max-image-preview":"max-image-preview:large","max-video-preview":"max-video-preview:-1"},"canonical":"https:\/\/www.latoupiebleue.com\/es\/la-toupie-bleue-lanza-sus-jornadas-deportivas-en-var-y-los-alpes-maritimos\/","og_locale":"es_ES","og_type":"article","og_title":"La Toupie Bleue lanza sus jornadas deportivas en provenza","og_description":"El 20 de octubre, La Toupie Bleue tuvo su primera jornada deportiva. El concepto de estos d\u00edas es descubrir, como parte de una caminata, nuevos puntos","og_url":"https:\/\/www.latoupiebleue.com\/es\/la-toupie-bleue-lanza-sus-jornadas-deportivas-en-var-y-los-alpes-maritimos\/","og_site_name":"La Toupie Bleue","article_publisher":"https:\/\/www.facebook.com\/latoupiebleue\/","article_published_time":"2022-10-24T11:11:52+00:00","article_modified_time":"2024-03-25T15:04:04+00:00","author":"admin_account","twitter_card":"summary_large_image","twitter_creator":"@La_Toupie_Bleue","twitter_site":"@La_Toupie_Bleue","schema":{"@context":"https:\/\/schema.org","@graph":[{"@type":"Article","@id":"https:\/\/www.latoupiebleue.com\/es\/la-toupie-bleue-lanza-sus-jornadas-deportivas-en-var-y-los-alpes-maritimos\/#article","isPartOf":{"@id":"https:\/\/www.latoupiebleue.com\/es\/la-toupie-bleue-lanza-sus-jornadas-deportivas-en-var-y-los-alpes-maritimos\/"},"author":{"name":"admin_account","@id":"https:\/\/www.latoupiebleue.com\/es\/#\/schema\/person\/b3b971c02892d4b8c120799985bbe083"},"headline":"La Toupie Bleue lanza sus jornadas deportivas en VAR y los ALPES MARITIMES","datePublished":"2022-10-24T11:11:52+00:00","dateModified":"2024-03-25T15:04:04+00:00","mainEntityOfPage":{"@id":"https:\/\/www.latoupiebleue.com\/es\/la-toupie-bleue-lanza-sus-jornadas-deportivas-en-var-y-los-alpes-maritimos\/"},"wordCount":178,"publisher":{"@id":"https:\/\/www.latoupiebleue.com\/es\/#organization"},"articleSection":["Eventos"],"inLanguage":"es"},{"@type":"WebPage","@id":"https:\/\/www.latoupiebleue.com\/es\/la-toupie-bleue-lanza-sus-jornadas-deportivas-en-var-y-los-alpes-maritimos\/","url":"https:\/\/www.latoupiebleue.com\/es\/la-toupie-bleue-lanza-sus-jornadas-deportivas-en-var-y-los-alpes-maritimos\/","name":"La Toupie Bleue lanza sus jornadas deportivas en provenza","isPartOf":{"@id":"https:\/\/www.latoupiebleue.com\/es\/#website"},"datePublished":"2022-10-24T11:11:52+00:00","dateModified":"2024-03-25T15:04:04+00:00","description":"El 20 de octubre, La Toupie Bleue tuvo su primera jornada deportiva. El concepto de estos d\u00edas es descubrir, como parte de una caminata, nuevos puntos","breadcrumb":{"@id":"https:\/\/www.latoupiebleue.com\/es\/la-toupie-bleue-lanza-sus-jornadas-deportivas-en-var-y-los-alpes-maritimos\/#breadcrumb"},"inLanguage":"es","potentialAction":[{"@type":"ReadAction","target":["https:\/\/www.latoupiebleue.com\/es\/la-toupie-bleue-lanza-sus-jornadas-deportivas-en-var-y-los-alpes-maritimos\/"]}]},{"@type":"BreadcrumbList","@id":"https:\/\/www.latoupiebleue.com\/es\/la-toupie-bleue-lanza-sus-jornadas-deportivas-en-var-y-los-alpes-maritimos\/#breadcrumb","itemListElement":[{"@type":"ListItem","position":1,"name":"Accueil","item":"https:\/\/www.latoupiebleue.com\/es\/"},{"@type":"ListItem","position":2,"name":"La Toupie Bleue lanza sus jornadas deportivas en VAR y los ALPES MARITIMES"}]},{"@type":"WebSite","@id":"https:\/\/www.latoupiebleue.com\/es\/#website","url":"https:\/\/www.latoupiebleue.com\/es\/","name":"La Toupie Bleue","description":"La Toupie Bleue","publisher":{"@id":"https:\/\/www.latoupiebleue.com\/es\/#organization"},"potentialAction":[{"@type":"SearchAction","target":{"@type":"EntryPoint","urlTemplate":"https:\/\/www.latoupiebleue.com\/es\/?s={search_term_string}"},"query-input":"required name=search_term_string"}],"inLanguage":"es"},{"@type":"Organization","@id":"https:\/\/www.latoupiebleue.com\/es\/#organization","name":"La Toupie Bleue","url":"https:\/\/www.latoupiebleue.com\/es\/","logo":{"@type":"ImageObject","inLanguage":"es","@id":"https:\/\/www.latoupiebleue.com\/es\/#\/schema\/logo\/image\/","url":"https:\/\/www.latoupiebleue.com\/wp-content\/uploads\/2018\/03\/LOGO_6_LA_TOUPIE_BLEUE_BLANC_FOND_BLEU_FONCE.jpg","contentUrl":"https:\/\/www.latoupiebleue.com\/wp-content\/uploads\/2018\/03\/LOGO_6_LA_TOUPIE_BLEUE_BLANC_FOND_BLEU_FONCE.jpg","width":1990,"height":1990,"caption":"La Toupie Bleue"},"image":{"@id":"https:\/\/www.latoupiebleue.com\/es\/#\/schema\/logo\/image\/"},"sameAs":["https:\/\/www.facebook.com\/latoupiebleue\/","https:\/\/twitter.com\/La_Toupie_Bleue","https:\/\/www.instagram.com\/latoupiebleue\/"]},{"@type":"Person","@id":"https:\/\/www.latoupiebleue.com\/es\/#\/schema\/person\/b3b971c02892d4b8c120799985bbe083","name":"admin_account","image":{"@type":"ImageObject","inLanguage":"es","@id":"https:\/\/www.latoupiebleue.com\/es\/#\/schema\/person\/image\/","url":"https:\/\/secure.gravatar.com\/avatar\/3243abf28f52f46bb999ad92ad75dcf8?s=96&d=mm&r=g","contentUrl":"https:\/\/secure.gravatar.com\/avatar\/3243abf28f52f46bb999ad92ad75dcf8?s=96&d=mm&r=g","caption":"admin_account"},"url":"https:\/\/www.latoupiebleue.com\/es\/author\/admin_account\/"}]}},"_links":{"self":[{"href":"https:\/\/www.latoupiebleue.com\/es\/wp-json\/wp\/v2\/posts\/6534"}],"collection":[{"href":"https:\/\/www.latoupiebleue.com\/es\/wp-json\/wp\/v2\/posts"}],"about":[{"href":"https:\/\/www.latoupiebleue.com\/es\/wp-json\/wp\/v2\/types\/post"}],"author":[{"embeddable":true,"href":"https:\/\/www.latoupiebleue.com\/es\/wp-json\/wp\/v2\/users\/4"}],"replies":[{"embeddable":true,"href":"https:\/\/www.latoupiebleue.com\/es\/wp-json\/wp\/v2\/comments?post=6534"}],"version-history":[{"count":3,"href":"https:\/\/www.latoupiebleue.com\/es\/wp-json\/wp\/v2\/posts\/6534\/revisions"}],"predecessor-version":[{"id":7687,"href":"https:\/\/www.latoupiebleue.com\/es\/wp-json\/wp\/v2\/posts\/6534\/revisions\/7687"}],"wp:attachment":[{"href":"https:\/\/www.latoupiebleue.com\/es\/wp-json\/wp\/v2\/media?parent=6534"}],"wp:term":[{"taxonomy":"category","embeddable":true,"href":"https:\/\/www.latoupiebleue.com\/es\/wp-json\/wp\/v2\/categories?post=6534"}],"curies":[{"name":"wp","href":"https:\/\/api.w.org\/{rel}","templated":true}]}}