{"id":6531,"date":"2022-10-24T11:11:52","date_gmt":"2022-10-24T11:11:52","guid":{"rendered":"https:\/\/www.latoupiebleue.com\/la-toupie-bleue-lance-ses-journees-sportives-dans-var-et-les-alpes-maritimes\/"},"modified":"2024-03-25T15:46:51","modified_gmt":"2024-03-25T15:46:51","slug":"la-toupie-bleue-lanceert-zijn-sportdagen-in-var-en-de-alpes-maritiem","status":"publish","type":"post","link":"https:\/\/www.latoupiebleue.com\/nl\/la-toupie-bleue-lanceert-zijn-sportdagen-in-var-en-de-alpes-maritiem\/","title":{"rendered":"La Toupie Bleue lanceert haar sportdagen in de VAR en de ALPES MARITIMES"},"content":{"rendered":"<p>Op 20 oktober had La Toupie Bleue zijn eerste sportdag. Het concept van deze dagen is om, als onderdeel van een wandeling, nieuwe toeristische punten te ontdekken, vol charme en uniekheid, ondergedompeld in de natuur. Een tussendoortje voor de sporter en een tweede activiteit worden ook systematisch ge\u00efntegreerd in deze dagen. Voor deze zonnige dag vertrokken 18 personen in de Est\u00e9rel (niet ver van St Rapha\u00ebl). Het doel was om Cap Roux te ontdekken met een adembenemend uitzicht vanaf de ori\u00ebntatietafel over de baai van Agay en Cannes. Aan het einde van de lus kwamen we rijkelijk op krachten met de snack. Kim (fysiotherapeut in Roquebrune \/ Argens) begeleidde met R\u00e9mi een sessie van stretching &amp; good practice oefeningen om rugpijn te voorkomen &#8211; in het bijzonder dankzij houdingen en &#8220;sportroutines&#8221; om de buikgordel te versterken&#8230; Meer vertellen we je niet. .. Pauline &#8211; instagramer vertelt je hier over haar dag zoals ze die beleefde:<\/p>\n","protected":false},"excerpt":{"rendered":"<p>Op 20 oktober had La Toupie Bleue zijn eerste sportdag. Het concept van deze dagen is om, als onderdeel van een wandeling, nieuwe toeristische punten te ontdekken, vol charme en uniekheid, ondergedompeld in de natuur. Een tussendoortje voor de sporter en een tweede activiteit worden ook systematisch ge\u00efntegreerd in deze dagen. Voor deze zonnige dag &hellip; <a href=\"https:\/\/www.latoupiebleue.com\/nl\/la-toupie-bleue-lanceert-zijn-sportdagen-in-var-en-de-alpes-maritiem\/\">Continued<\/a><\/p>\n","protected":false},"author":4,"featured_media":0,"comment_status":"closed","ping_status":"closed","sticky":false,"template":"","format":"standard","meta":{"footnotes":""},"categories":[121],"acf":[],"yoast_head":"<!-- This site is optimized with the Yoast SEO plugin v20.5 - https:\/\/yoast.com\/wordpress\/plugins\/seo\/ -->\n<title>La Toupie Bleue lanceert haar sportdagen in de Provence<\/title>\n<meta name=\"description\" content=\"Op 20 oktober had La Toupie Bleue zijn eerste sportdag. Het concept van deze dagen is om, als onderdeel van een wandeling, nieuwe toeristische punten te\" \/>\n<meta name=\"robots\" content=\"index, follow, max-snippet:-1, max-image-preview:large, max-video-preview:-1\" \/>\n<link rel=\"canonical\" href=\"https:\/\/www.latoupiebleue.com\/nl\/la-toupie-bleue-lanceert-zijn-sportdagen-in-var-en-de-alpes-maritiem\/\" \/>\n<meta property=\"og:locale\" content=\"nl_NL\" \/>\n<meta property=\"og:type\" content=\"article\" \/>\n<meta property=\"og:title\" content=\"La Toupie Bleue lanceert haar sportdagen in de Provence\" \/>\n<meta property=\"og:description\" content=\"Op 20 oktober had La Toupie Bleue zijn eerste sportdag. Het concept van deze dagen is om, als onderdeel van een wandeling, nieuwe toeristische punten te\" \/>\n<meta property=\"og:url\" content=\"https:\/\/www.latoupiebleue.com\/nl\/la-toupie-bleue-lanceert-zijn-sportdagen-in-var-en-de-alpes-maritiem\/\" \/>\n<meta property=\"og:site_name\" content=\"La Toupie Bleue\" \/>\n<meta property=\"article:publisher\" content=\"https:\/\/www.facebook.com\/latoupiebleue\/\" \/>\n<meta property=\"article:published_time\" content=\"2022-10-24T11:11:52+00:00\" \/>\n<meta property=\"article:modified_time\" content=\"2024-03-25T15:46:51+00:00\" \/>\n<meta name=\"author\" content=\"admin_account\" \/>\n<meta name=\"twitter:card\" content=\"summary_large_image\" \/>\n<meta name=\"twitter:creator\" content=\"@La_Toupie_Bleue\" \/>\n<meta name=\"twitter:site\" content=\"@La_Toupie_Bleue\" \/>\n<script type=\"application\/ld+json\" class=\"yoast-schema-graph\">{\"@context\":\"https:\/\/schema.org\",\"@graph\":[{\"@type\":\"Article\",\"@id\":\"https:\/\/www.latoupiebleue.com\/nl\/la-toupie-bleue-lanceert-zijn-sportdagen-in-var-en-de-alpes-maritiem\/#article\",\"isPartOf\":{\"@id\":\"https:\/\/www.latoupiebleue.com\/nl\/la-toupie-bleue-lanceert-zijn-sportdagen-in-var-en-de-alpes-maritiem\/\"},\"author\":{\"name\":\"admin_account\",\"@id\":\"https:\/\/www.latoupiebleue.com\/nl\/#\/schema\/person\/b3b971c02892d4b8c120799985bbe083\"},\"headline\":\"La Toupie Bleue lanceert haar sportdagen in de VAR en de ALPES MARITIMES\",\"datePublished\":\"2022-10-24T11:11:52+00:00\",\"dateModified\":\"2024-03-25T15:46:51+00:00\",\"mainEntityOfPage\":{\"@id\":\"https:\/\/www.latoupiebleue.com\/nl\/la-toupie-bleue-lanceert-zijn-sportdagen-in-var-en-de-alpes-maritiem\/\"},\"wordCount\":169,\"publisher\":{\"@id\":\"https:\/\/www.latoupiebleue.com\/nl\/#organization\"},\"articleSection\":[\"Gebeurtenissen\"],\"inLanguage\":\"nl-NL\"},{\"@type\":\"WebPage\",\"@id\":\"https:\/\/www.latoupiebleue.com\/nl\/la-toupie-bleue-lanceert-zijn-sportdagen-in-var-en-de-alpes-maritiem\/\",\"url\":\"https:\/\/www.latoupiebleue.com\/nl\/la-toupie-bleue-lanceert-zijn-sportdagen-in-var-en-de-alpes-maritiem\/\",\"name\":\"La Toupie Bleue lanceert haar sportdagen in de Provence\",\"isPartOf\":{\"@id\":\"https:\/\/www.latoupiebleue.com\/nl\/#website\"},\"datePublished\":\"2022-10-24T11:11:52+00:00\",\"dateModified\":\"2024-03-25T15:46:51+00:00\",\"description\":\"Op 20 oktober had La Toupie Bleue zijn eerste sportdag. Het concept van deze dagen is om, als onderdeel van een wandeling, nieuwe toeristische punten te\",\"breadcrumb\":{\"@id\":\"https:\/\/www.latoupiebleue.com\/nl\/la-toupie-bleue-lanceert-zijn-sportdagen-in-var-en-de-alpes-maritiem\/#breadcrumb\"},\"inLanguage\":\"nl-NL\",\"potentialAction\":[{\"@type\":\"ReadAction\",\"target\":[\"https:\/\/www.latoupiebleue.com\/nl\/la-toupie-bleue-lanceert-zijn-sportdagen-in-var-en-de-alpes-maritiem\/\"]}]},{\"@type\":\"BreadcrumbList\",\"@id\":\"https:\/\/www.latoupiebleue.com\/nl\/la-toupie-bleue-lanceert-zijn-sportdagen-in-var-en-de-alpes-maritiem\/#breadcrumb\",\"itemListElement\":[{\"@type\":\"ListItem\",\"position\":1,\"name\":\"Accueil\",\"item\":\"https:\/\/www.latoupiebleue.com\/nl\/\"},{\"@type\":\"ListItem\",\"position\":2,\"name\":\"La Toupie Bleue lanceert haar sportdagen in de VAR en de ALPES MARITIMES\"}]},{\"@type\":\"WebSite\",\"@id\":\"https:\/\/www.latoupiebleue.com\/nl\/#website\",\"url\":\"https:\/\/www.latoupiebleue.com\/nl\/\",\"name\":\"La Toupie Bleue\",\"description\":\"La Toupie Bleue\",\"publisher\":{\"@id\":\"https:\/\/www.latoupiebleue.com\/nl\/#organization\"},\"potentialAction\":[{\"@type\":\"SearchAction\",\"target\":{\"@type\":\"EntryPoint\",\"urlTemplate\":\"https:\/\/www.latoupiebleue.com\/nl\/?s={search_term_string}\"},\"query-input\":\"required name=search_term_string\"}],\"inLanguage\":\"nl-NL\"},{\"@type\":\"Organization\",\"@id\":\"https:\/\/www.latoupiebleue.com\/nl\/#organization\",\"name\":\"La Toupie Bleue\",\"url\":\"https:\/\/www.latoupiebleue.com\/nl\/\",\"logo\":{\"@type\":\"ImageObject\",\"inLanguage\":\"nl-NL\",\"@id\":\"https:\/\/www.latoupiebleue.com\/nl\/#\/schema\/logo\/image\/\",\"url\":\"https:\/\/www.latoupiebleue.com\/wp-content\/uploads\/2018\/03\/LOGO_6_LA_TOUPIE_BLEUE_BLANC_FOND_BLEU_FONCE.jpg\",\"contentUrl\":\"https:\/\/www.latoupiebleue.com\/wp-content\/uploads\/2018\/03\/LOGO_6_LA_TOUPIE_BLEUE_BLANC_FOND_BLEU_FONCE.jpg\",\"width\":1990,\"height\":1990,\"caption\":\"La Toupie Bleue\"},\"image\":{\"@id\":\"https:\/\/www.latoupiebleue.com\/nl\/#\/schema\/logo\/image\/\"},\"sameAs\":[\"https:\/\/www.facebook.com\/latoupiebleue\/\",\"https:\/\/twitter.com\/La_Toupie_Bleue\",\"https:\/\/www.instagram.com\/latoupiebleue\/\"]},{\"@type\":\"Person\",\"@id\":\"https:\/\/www.latoupiebleue.com\/nl\/#\/schema\/person\/b3b971c02892d4b8c120799985bbe083\",\"name\":\"admin_account\",\"image\":{\"@type\":\"ImageObject\",\"inLanguage\":\"nl-NL\",\"@id\":\"https:\/\/www.latoupiebleue.com\/nl\/#\/schema\/person\/image\/\",\"url\":\"https:\/\/secure.gravatar.com\/avatar\/3243abf28f52f46bb999ad92ad75dcf8?s=96&d=mm&r=g\",\"contentUrl\":\"https:\/\/secure.gravatar.com\/avatar\/3243abf28f52f46bb999ad92ad75dcf8?s=96&d=mm&r=g\",\"caption\":\"admin_account\"},\"url\":\"https:\/\/www.latoupiebleue.com\/nl\/author\/admin_account\/\"}]}<\/script>\n<!-- \/ Yoast SEO plugin. -->","yoast_head_json":{"title":"La Toupie Bleue lanceert haar sportdagen in de Provence","description":"Op 20 oktober had La Toupie Bleue zijn eerste sportdag. Het concept van deze dagen is om, als onderdeel van een wandeling, nieuwe toeristische punten te","robots":{"index":"index","follow":"follow","max-snippet":"max-snippet:-1","max-image-preview":"max-image-preview:large","max-video-preview":"max-video-preview:-1"},"canonical":"https:\/\/www.latoupiebleue.com\/nl\/la-toupie-bleue-lanceert-zijn-sportdagen-in-var-en-de-alpes-maritiem\/","og_locale":"nl_NL","og_type":"article","og_title":"La Toupie Bleue lanceert haar sportdagen in de Provence","og_description":"Op 20 oktober had La Toupie Bleue zijn eerste sportdag. Het concept van deze dagen is om, als onderdeel van een wandeling, nieuwe toeristische punten te","og_url":"https:\/\/www.latoupiebleue.com\/nl\/la-toupie-bleue-lanceert-zijn-sportdagen-in-var-en-de-alpes-maritiem\/","og_site_name":"La Toupie Bleue","article_publisher":"https:\/\/www.facebook.com\/latoupiebleue\/","article_published_time":"2022-10-24T11:11:52+00:00","article_modified_time":"2024-03-25T15:46:51+00:00","author":"admin_account","twitter_card":"summary_large_image","twitter_creator":"@La_Toupie_Bleue","twitter_site":"@La_Toupie_Bleue","schema":{"@context":"https:\/\/schema.org","@graph":[{"@type":"Article","@id":"https:\/\/www.latoupiebleue.com\/nl\/la-toupie-bleue-lanceert-zijn-sportdagen-in-var-en-de-alpes-maritiem\/#article","isPartOf":{"@id":"https:\/\/www.latoupiebleue.com\/nl\/la-toupie-bleue-lanceert-zijn-sportdagen-in-var-en-de-alpes-maritiem\/"},"author":{"name":"admin_account","@id":"https:\/\/www.latoupiebleue.com\/nl\/#\/schema\/person\/b3b971c02892d4b8c120799985bbe083"},"headline":"La Toupie Bleue lanceert haar sportdagen in de VAR en de ALPES MARITIMES","datePublished":"2022-10-24T11:11:52+00:00","dateModified":"2024-03-25T15:46:51+00:00","mainEntityOfPage":{"@id":"https:\/\/www.latoupiebleue.com\/nl\/la-toupie-bleue-lanceert-zijn-sportdagen-in-var-en-de-alpes-maritiem\/"},"wordCount":169,"publisher":{"@id":"https:\/\/www.latoupiebleue.com\/nl\/#organization"},"articleSection":["Gebeurtenissen"],"inLanguage":"nl-NL"},{"@type":"WebPage","@id":"https:\/\/www.latoupiebleue.com\/nl\/la-toupie-bleue-lanceert-zijn-sportdagen-in-var-en-de-alpes-maritiem\/","url":"https:\/\/www.latoupiebleue.com\/nl\/la-toupie-bleue-lanceert-zijn-sportdagen-in-var-en-de-alpes-maritiem\/","name":"La Toupie Bleue lanceert haar sportdagen in de Provence","isPartOf":{"@id":"https:\/\/www.latoupiebleue.com\/nl\/#website"},"datePublished":"2022-10-24T11:11:52+00:00","dateModified":"2024-03-25T15:46:51+00:00","description":"Op 20 oktober had La Toupie Bleue zijn eerste sportdag. Het concept van deze dagen is om, als onderdeel van een wandeling, nieuwe toeristische punten te","breadcrumb":{"@id":"https:\/\/www.latoupiebleue.com\/nl\/la-toupie-bleue-lanceert-zijn-sportdagen-in-var-en-de-alpes-maritiem\/#breadcrumb"},"inLanguage":"nl-NL","potentialAction":[{"@type":"ReadAction","target":["https:\/\/www.latoupiebleue.com\/nl\/la-toupie-bleue-lanceert-zijn-sportdagen-in-var-en-de-alpes-maritiem\/"]}]},{"@type":"BreadcrumbList","@id":"https:\/\/www.latoupiebleue.com\/nl\/la-toupie-bleue-lanceert-zijn-sportdagen-in-var-en-de-alpes-maritiem\/#breadcrumb","itemListElement":[{"@type":"ListItem","position":1,"name":"Accueil","item":"https:\/\/www.latoupiebleue.com\/nl\/"},{"@type":"ListItem","position":2,"name":"La Toupie Bleue lanceert haar sportdagen in de VAR en de ALPES MARITIMES"}]},{"@type":"WebSite","@id":"https:\/\/www.latoupiebleue.com\/nl\/#website","url":"https:\/\/www.latoupiebleue.com\/nl\/","name":"La Toupie Bleue","description":"La Toupie Bleue","publisher":{"@id":"https:\/\/www.latoupiebleue.com\/nl\/#organization"},"potentialAction":[{"@type":"SearchAction","target":{"@type":"EntryPoint","urlTemplate":"https:\/\/www.latoupiebleue.com\/nl\/?s={search_term_string}"},"query-input":"required name=search_term_string"}],"inLanguage":"nl-NL"},{"@type":"Organization","@id":"https:\/\/www.latoupiebleue.com\/nl\/#organization","name":"La Toupie Bleue","url":"https:\/\/www.latoupiebleue.com\/nl\/","logo":{"@type":"ImageObject","inLanguage":"nl-NL","@id":"https:\/\/www.latoupiebleue.com\/nl\/#\/schema\/logo\/image\/","url":"https:\/\/www.latoupiebleue.com\/wp-content\/uploads\/2018\/03\/LOGO_6_LA_TOUPIE_BLEUE_BLANC_FOND_BLEU_FONCE.jpg","contentUrl":"https:\/\/www.latoupiebleue.com\/wp-content\/uploads\/2018\/03\/LOGO_6_LA_TOUPIE_BLEUE_BLANC_FOND_BLEU_FONCE.jpg","width":1990,"height":1990,"caption":"La Toupie Bleue"},"image":{"@id":"https:\/\/www.latoupiebleue.com\/nl\/#\/schema\/logo\/image\/"},"sameAs":["https:\/\/www.facebook.com\/latoupiebleue\/","https:\/\/twitter.com\/La_Toupie_Bleue","https:\/\/www.instagram.com\/latoupiebleue\/"]},{"@type":"Person","@id":"https:\/\/www.latoupiebleue.com\/nl\/#\/schema\/person\/b3b971c02892d4b8c120799985bbe083","name":"admin_account","image":{"@type":"ImageObject","inLanguage":"nl-NL","@id":"https:\/\/www.latoupiebleue.com\/nl\/#\/schema\/person\/image\/","url":"https:\/\/secure.gravatar.com\/avatar\/3243abf28f52f46bb999ad92ad75dcf8?s=96&d=mm&r=g","contentUrl":"https:\/\/secure.gravatar.com\/avatar\/3243abf28f52f46bb999ad92ad75dcf8?s=96&d=mm&r=g","caption":"admin_account"},"url":"https:\/\/www.latoupiebleue.com\/nl\/author\/admin_account\/"}]}},"_links":{"self":[{"href":"https:\/\/www.latoupiebleue.com\/nl\/wp-json\/wp\/v2\/posts\/6531"}],"collection":[{"href":"https:\/\/www.latoupiebleue.com\/nl\/wp-json\/wp\/v2\/posts"}],"about":[{"href":"https:\/\/www.latoupiebleue.com\/nl\/wp-json\/wp\/v2\/types\/post"}],"author":[{"embeddable":true,"href":"https:\/\/www.latoupiebleue.com\/nl\/wp-json\/wp\/v2\/users\/4"}],"replies":[{"embeddable":true,"href":"https:\/\/www.latoupiebleue.com\/nl\/wp-json\/wp\/v2\/comments?post=6531"}],"version-history":[{"count":3,"href":"https:\/\/www.latoupiebleue.com\/nl\/wp-json\/wp\/v2\/posts\/6531\/revisions"}],"predecessor-version":[{"id":7693,"href":"https:\/\/www.latoupiebleue.com\/nl\/wp-json\/wp\/v2\/posts\/6531\/revisions\/7693"}],"wp:attachment":[{"href":"https:\/\/www.latoupiebleue.com\/nl\/wp-json\/wp\/v2\/media?parent=6531"}],"wp:term":[{"taxonomy":"category","embeddable":true,"href":"https:\/\/www.latoupiebleue.com\/nl\/wp-json\/wp\/v2\/categories?post=6531"}],"curies":[{"name":"wp","href":"https:\/\/api.w.org\/{rel}","templated":true}]}}